{"id":6875,"date":"2025-09-29T13:47:55","date_gmt":"2025-09-29T11:47:55","guid":{"rendered":"https:\/\/www.jorgejuanjoyeros.es\/blog\/?p=6875"},"modified":"2025-09-29T13:47:55","modified_gmt":"2025-09-29T11:47:55","slug":"perlas-tahiti","status":"publish","type":"post","link":"https:\/\/www.jorgejuanjoyeros.es\/blog\/perlas-tahiti\/","title":{"rendered":"Perlas de Tahit\u00ed: Gu\u00eda sobre las Perlas Negras m\u00e1s Exclusivas"},"content":{"rendered":"<h2>\u00bfQu\u00e9 son las Perlas de Tahit\u00ed?<\/h2>\n<p>Las <strong>perlas de Tahit\u00ed<\/strong> son las \u00fanicas perlas naturalmente negras del mundo. Se cultivan en las aguas c\u00e1lidas de la <strong>Polinesia Francesa<\/strong>, espec\u00edficamente en las lagunas de Tahit\u00ed y sus islas circundantes. Su color \u00fanico las convierte en las gemas m\u00e1s misteriosas del oc\u00e9ano.<\/p>\n<p>Conocidas como la <strong>\u00abReina de las Perlas\u00bb<\/strong>, estas gemas marinas no son realmente negras. Sus colores van desde el gris plateado hasta el negro profundo, con matices verdes, azules, p\u00farpuras y dorados. Esta variedad crom\u00e1tica las hace \u00fanicas en el mundo de la joyer\u00eda.<\/p>\n<p>Las <strong>perlas negras de Tahit\u00ed<\/strong> provienen exclusivamente de la ostra <strong>Pinctada margaritifera<\/strong>. Esta especie solo habita en las aguas tropicales del Pac\u00edfico Sur. Su rareza y belleza las convierten en una de las perlas m\u00e1s valoradas del mercado internacional.<\/p>\n<h2>Historia de las Perlas de Tahit\u00ed<\/h2>\n<p>Durante siglos, los nativos polinesios buceaban a pulm\u00f3n libre hasta 40 metros de profundidad. Buscaban estas ostras preciadas que ocasionalmente conten\u00edan perlas negras naturales. Era una actividad peligrosa que solo los mejores buceadores pod\u00edan realizar con \u00e9xito.<\/p>\n<p>En el siglo XIX, los comerciantes franceses descubrieron este tesoro polinesio. La demanda europea por las <strong>perlas de Tahit\u00ed<\/strong> creci\u00f3 exponencialmente. La sobreexplotaci\u00f3n casi llev\u00f3 a la extinci\u00f3n de la <strong>Pinctada margaritifera<\/strong> en muchas lagunas.<\/p>\n<p>En 1961, <strong>Jean-Marie Domard<\/strong> revolucion\u00f3 la industria desarrollando t\u00e9cnicas de cultivo espec\u00edficas. Trabaj\u00f3 con el japon\u00e9s <strong>Churoku Muroi<\/strong> para adaptar las t\u00e9cnicas japonesas a las aguas tahitianas. As\u00ed naci\u00f3 la moderna industria de perlas cultivadas de Tahit\u00ed.<\/p>\n<h2>C\u00f3mo se Cultivan las Perlas de Tahit\u00ed<\/h2>\n<p>El cultivo de <strong>perlas tahitianas<\/strong> comienza con la recolecci\u00f3n de ostras j\u00f3venes del oc\u00e9ano. Estas se cr\u00edan en viveros submarinos durante dos a\u00f1os antes del injerto. Solo las ostras m\u00e1s sanas y grandes se seleccionan para producir perlas.<\/p>\n<p>El proceso de nucleaci\u00f3n requiere extrema precisi\u00f3n. Un t\u00e9cnico especializado inserta un n\u00facleo de n\u00e1car y tejido de otra ostra. La <strong>Pinctada margaritifera<\/strong> entonces comienza a secretar n\u00e1car alrededor del n\u00facleo, creando lentamente la perla.<\/p>\n<p>El per\u00edodo de cultivo dura entre 18 y 24 meses en las c\u00e1lidas aguas polinesias. Durante este tiempo, las ostras se limpian regularmente y se monitorea su salud. Solo el 30% de las ostras injertadas producir\u00e1n perlas de calidad comercial.<\/p>\n<p><img fetchpriority=\"high\" decoding=\"async\" class=\"alignnone size-full wp-image-6877\" src=\"https:\/\/www.jorgejuanjoyeros.es\/blog\/wp-content\/uploads\/2025\/09\/coleccion-perlas-tahiti.jpg\" alt=\"\" width=\"900\" height=\"400\" srcset=\"https:\/\/www.jorgejuanjoyeros.es\/blog\/wp-content\/uploads\/2025\/09\/coleccion-perlas-tahiti.jpg 900w, https:\/\/www.jorgejuanjoyeros.es\/blog\/wp-content\/uploads\/2025\/09\/coleccion-perlas-tahiti-300x133.jpg 300w, https:\/\/www.jorgejuanjoyeros.es\/blog\/wp-content\/uploads\/2025\/09\/coleccion-perlas-tahiti-768x341.jpg 768w\" sizes=\"(max-width: 900px) 100vw, 900px\" \/><\/p>\n<h2>Caracter\u00edsticas de las Perlas de Tahit\u00ed<\/h2>\n<p>El <strong>tama\u00f1o de las perlas de Tahit\u00ed<\/strong> var\u00eda entre 8 y 18 mil\u00edmetros de di\u00e1metro. Las perlas superiores a 15mm son extremadamente raras y valiosas. El tama\u00f1o promedio comercial oscila entre 9 y 12 mil\u00edmetros.<\/p>\n<p>El <strong>lustre<\/strong> es la caracter\u00edstica m\u00e1s importante para determinar su valor. Las mejores perlas tienen un brillo met\u00e1lico profundo que refleja la luz como un espejo. Este lustre \u00fanico es resultado del grueso n\u00e1car que producen las ostras tahitianas.<\/p>\n<p>La <strong>superficie de las perlas<\/strong> puede presentar peque\u00f1as imperfecciones naturales. Las perlas perfectas, sin marcas visibles, representan menos del 1% de la producci\u00f3n. Estas imperfecciones son prueba de su autenticidad y origen natural.<\/p>\n<h2>Colores de las Perlas de Tahit\u00ed<\/h2>\n<p>Aunque se llaman <strong>perlas negras<\/strong>, el espectro de colores es sorprendentemente amplio. Los tonos base incluyen gris, verde, azul, p\u00farpura, marr\u00f3n y negro verdadero. Cada perla tiene adem\u00e1s sobretonos que crean efectos iridiscentes \u00fanicos.<\/p>\n<p>El color <strong>\u00abpeacock\u00bb<\/strong> (pavo real) es el m\u00e1s valorado en el mercado. Combina un tono base verde oscuro con sobretonos rosa y dorado. Estas perlas pueden alcanzar precios excepcionales en subastas internacionales.<\/p>\n<p>Los colores se forman naturalmente por pigmentos en el n\u00e1car de la ostra. La gen\u00e9tica de cada ostra, su dieta y el ambiente determinan el color final. No existen dos <strong>perlas de Tahit\u00ed<\/strong> exactamente iguales en color.<\/p>\n<h2>Formas de las Perlas Tahitianas<\/h2>\n<p>Las <strong>perlas redondas perfectas<\/strong> son las m\u00e1s valiosas y representan solo el 5% de la producci\u00f3n. Su simetr\u00eda perfecta las hace ideales para collares de alta joyer\u00eda. Una sola perla redonda de 15mm puede valer miles de euros.<\/p>\n<p>Las <strong>perlas barrocas de Tahit\u00ed<\/strong> tienen formas irregulares \u00fanicas y art\u00edsticas. Cada una es una obra de arte natural con curvas y texturas distintivas. Los dise\u00f1adores modernos las prefieren para crear joyas contempor\u00e1neas y vanguardistas.<\/p>\n<p>Otras formas incluyen semi-redondas, gotas, botones y circulares. Las perlas en forma de gota son perfectas para pendientes elegantes. Las formas bot\u00f3n se utilizan frecuentemente en anillos y broches de dise\u00f1o.<\/p>\n<p><img decoding=\"async\" class=\"alignnone size-full wp-image-6878\" src=\"https:\/\/www.jorgejuanjoyeros.es\/blog\/wp-content\/uploads\/2025\/09\/colgante-perlas-preciosas-tahiti.jpg\" alt=\"\" width=\"900\" height=\"405\" srcset=\"https:\/\/www.jorgejuanjoyeros.es\/blog\/wp-content\/uploads\/2025\/09\/colgante-perlas-preciosas-tahiti.jpg 900w, https:\/\/www.jorgejuanjoyeros.es\/blog\/wp-content\/uploads\/2025\/09\/colgante-perlas-preciosas-tahiti-300x135.jpg 300w, https:\/\/www.jorgejuanjoyeros.es\/blog\/wp-content\/uploads\/2025\/09\/colgante-perlas-preciosas-tahiti-768x346.jpg 768w\" sizes=\"(max-width: 900px) 100vw, 900px\" \/><\/p>\n<h2>Valor y Precio de las Perlas de Tahit\u00ed<\/h2>\n<p>El precio de las <strong>perlas de Tahit\u00ed<\/strong> depende de cinco factores principales. Tama\u00f1o, lustre, superficie, forma y color determinan su valor final. Una perla perfecta de 15mm puede costar desde 1.000 hasta 10.000 euros.<\/p>\n<p>Los <strong>collares de perlas de Tahit\u00ed<\/strong> requieren a\u00f1os para ensamblar perlas coincidentes. Un collar de 42 perlas de 12mm perfectamente graduadas puede superar los 50.000 euros. La dificultad de encontrar perlas id\u00e9nticas justifica estos precios.<\/p>\n<p>El mercado internacional est\u00e1 dominado por compradores japoneses, americanos y europeos. Las subastas de <strong>Tahit\u00ed<\/strong> atraen compradores de todo el mundo. Los precios han mantenido una tendencia alcista estable durante las \u00faltimas d\u00e9cadas.<\/p>\n<h2>Joyas con Perlas de Tahit\u00ed<\/h2>\n<p>Los <strong>pendientes de perlas de Tahit\u00ed<\/strong> son la entrada perfecta a estas gemas exclusivas. Un par bien emparejado en color y tama\u00f1o puede transformar cualquier look. Los dise\u00f1os modernos las combinan con diamantes y oro blanco para m\u00e1ximo impacto.<\/p>\n<p>Los <strong>collares<\/strong> son la expresi\u00f3n m\u00e1xima del lujo en perlas tahitianas. Crear un collar requiere seleccionar cuidadosamente cada perla por tama\u00f1o, color y lustre. Los joyeros expertos pueden tardar a\u00f1os en completar un collar perfecto.<\/p>\n<p>Los <strong>anillos y colgantes<\/strong> permiten lucir una sola perla espectacular. Las monturas de platino o oro blanco realzan los tonos fr\u00edos de las perlas negras. Los dise\u00f1os contempor\u00e1neos incorporan diamantes negros para un look dram\u00e1tico y sofisticado.<\/p>\n<h2>Cuidado de las Perlas de Tahit\u00ed<\/h2>\n<p>Las <strong>perlas de Tahit\u00ed<\/strong> requieren cuidados especiales para mantener su lustre. Deben ser las \u00faltimas joyas en ponerse y las primeras en quitarse. El contacto con perfumes, maquillaje y productos qu\u00edmicos puede da\u00f1ar permanentemente el n\u00e1car.<\/p>\n<p>Limpia tus perlas con un pa\u00f1o suave y h\u00famedo despu\u00e9s de cada uso. El sudor y los aceites naturales pueden opacar su brillo con el tiempo. Nunca uses limpiadores ultras\u00f3nicos o productos qu\u00edmicos en tus perlas tahitianas.<\/p>\n<p>Guarda las <strong>perlas negras<\/strong> separadas de otras joyas para evitar rayones. Una bolsa de tela suave o compartimento individual es ideal. El ambiente seco extremo puede agrietar el n\u00e1car, mant\u00e9n cierta humedad en su almacenamiento.<\/p>\n<p><img decoding=\"async\" class=\"alignnone size-full wp-image-6879\" src=\"https:\/\/www.jorgejuanjoyeros.es\/blog\/wp-content\/uploads\/2025\/09\/perlas-tahiti-tamano.jpg\" alt=\"\" width=\"900\" height=\"400\" srcset=\"https:\/\/www.jorgejuanjoyeros.es\/blog\/wp-content\/uploads\/2025\/09\/perlas-tahiti-tamano.jpg 900w, https:\/\/www.jorgejuanjoyeros.es\/blog\/wp-content\/uploads\/2025\/09\/perlas-tahiti-tamano-300x133.jpg 300w, https:\/\/www.jorgejuanjoyeros.es\/blog\/wp-content\/uploads\/2025\/09\/perlas-tahiti-tamano-768x341.jpg 768w\" sizes=\"(max-width: 900px) 100vw, 900px\" \/><\/p>\n<h2>C\u00f3mo Identificar Perlas de Tahit\u00ed Aut\u00e9nticas<\/h2>\n<p>Las <strong>perlas de Tahit\u00ed genuinas<\/strong> tienen un peso considerable comparado con imitaciones. El n\u00e1car real se siente fr\u00edo al tacto inicial y se calienta gradualmente. Las imitaciones de pl\u00e1stico o cristal se sienten ligeras y tibias.<\/p>\n<p>La prueba del diente, aunque tradicional, puede da\u00f1ar la perla. Es mejor observar el lustre profundo y los sobretonos complejos. Las perlas falsas tienen colores planos y brillos superficiales sin profundidad.<\/p>\n<p>Siempre solicita un <strong>certificado de autenticidad<\/strong> de un laboratorio gemol\u00f3gico reconocido. Los certificados detallan origen, tratamientos y caracter\u00edsticas exactas. Las perlas de calidad siempre vienen con documentaci\u00f3n oficial del productor tahitiano.<\/p>\n<h2>El Mercado Global de Perlas de Tahit\u00ed<\/h2>\n<p>La <strong>Polinesia Francesa<\/strong> produce el 95% de las perlas negras del mundo. La producci\u00f3n anual es de aproximadamente 12 toneladas de perlas en bruto. Este monopolio natural garantiza la autenticidad y calidad del producto.<\/p>\n<p>Las exportaciones est\u00e1n estrictamente reguladas por el gobierno de Tahit\u00ed. Cada perla exportada debe pasar inspecciones de calidad rigurosas. Solo las perlas con n\u00e1car superior a 0.8mm pueden ser exportadas legalmente.<\/p>\n<p>El mercado asi\u00e1tico, especialmente <strong>Jap\u00f3n y China<\/strong>, consume el 60% de la producci\u00f3n. Europa y Estados Unidos representan el 30% del mercado. La demanda contin\u00faa creciendo, especialmente para perlas de calidad excepcional.<\/p>\n<h2>Por Qu\u00e9 Elegir Perlas de Tahit\u00ed<\/h2>\n<p>Las <strong>perlas de Tahit\u00ed<\/strong> son una inversi\u00f3n en belleza \u00fanica y duradera. A diferencia de otras gemas, mejoran con el uso regular. Los aceites naturales de la piel mantienen su lustre y belleza.<\/p>\n<p>Su versatilidad las hace perfectas para cualquier ocasi\u00f3n. Desde eventos formales hasta looks casuales elegantes. Una sola <strong>perla negra<\/strong> puede ser el punto focal de cualquier conjunto.<\/p>\n<p>Como regalo, las perlas tahitianas simbolizan sofisticaci\u00f3n y buen gusto. Son herencias que pasan de generaci\u00f3n en generaci\u00f3n. Su rareza y belleza las convierten en tesoros familiares invaluables.<\/p>\n","protected":false},"excerpt":{"rendered":"<p>\u00bfQu\u00e9 son las Perlas de Tahit\u00ed? Las perlas de Tahit\u00ed son las \u00fanicas perlas naturalmente negras del mundo. Se cultivan en las aguas c\u00e1lidas de la Polinesia Francesa, espec\u00edficamente en las lagunas de Tahit\u00ed y sus islas circundantes. Su color \u00fanico las convierte en las gemas m\u00e1s misteriosas del oc\u00e9ano. Conocidas como la \u00abReina de [&hellip;]<\/p>\n","protected":false},"author":1,"featured_media":6876,"comment_status":"closed","ping_status":"open","sticky":false,"template":"","format":"standard","meta":{"footnotes":""},"categories":[393],"tags":[],"class_list":["post-6875","post","type-post","status-publish","format-standard","has-post-thumbnail","hentry","category-general"],"yoast_head":"<!-- This site is optimized with the Yoast SEO plugin v27.4 - https:\/\/yoast.com\/product\/yoast-seo-wordpress\/ -->\n<title>Perlas de Tahit\u00ed: Gu\u00eda sobre las Perlas Negras m\u00e1s Exclusivas | Jorge Juan Joyeros<\/title>\n<meta name=\"robots\" content=\"index, follow, max-snippet:-1, max-image-preview:large, max-video-preview:-1\" \/>\n<link rel=\"canonical\" href=\"https:\/\/www.jorgejuanjoyeros.es\/blog\/perlas-tahiti\/\" \/>\n<meta property=\"og:locale\" content=\"es_ES\" \/>\n<meta property=\"og:type\" content=\"article\" \/>\n<meta property=\"og:title\" content=\"Perlas de Tahit\u00ed: Gu\u00eda sobre las Perlas Negras m\u00e1s Exclusivas | Jorge Juan Joyeros\" \/>\n<meta property=\"og:description\" content=\"\u00bfQu\u00e9 son las Perlas de Tahit\u00ed? Las perlas de Tahit\u00ed son las \u00fanicas perlas naturalmente negras del mundo. Se cultivan en las aguas c\u00e1lidas de la Polinesia Francesa, espec\u00edficamente en las lagunas de Tahit\u00ed y sus islas circundantes. Su color \u00fanico las convierte en las gemas m\u00e1s misteriosas del oc\u00e9ano. Conocidas como la \u00abReina de [&hellip;]\" \/>\n<meta property=\"og:url\" content=\"https:\/\/www.jorgejuanjoyeros.es\/blog\/perlas-tahiti\/\" \/>\n<meta property=\"og:site_name\" content=\"Jorge Juan Joyeros\" \/>\n<meta property=\"article:publisher\" content=\"https:\/\/es-es.facebook.com\/jorgejuanjoyero\" \/>\n<meta property=\"article:author\" content=\"https:\/\/es-es.facebook.com\/jorgejuanjoyero\/\" \/>\n<meta property=\"article:published_time\" content=\"2025-09-29T11:47:55+00:00\" \/>\n<meta property=\"og:image\" content=\"https:\/\/www.jorgejuanjoyeros.es\/blog\/wp-content\/uploads\/2025\/09\/colgante-perlas-tahiti.jpg\" \/>\n\t<meta property=\"og:image:width\" content=\"1200\" \/>\n\t<meta property=\"og:image:height\" content=\"500\" \/>\n\t<meta property=\"og:image:type\" content=\"image\/jpeg\" \/>\n<meta name=\"author\" content=\"Ana Karina\" \/>\n<meta name=\"twitter:card\" content=\"summary_large_image\" \/>\n<meta name=\"twitter:creator\" content=\"@joyerojorgejuan\" \/>\n<meta name=\"twitter:site\" content=\"@joyerojorgejuan\" \/>\n<meta name=\"twitter:label1\" content=\"Escrito por\" \/>\n\t<meta name=\"twitter:data1\" content=\"Ana Karina\" \/>\n\t<meta name=\"twitter:label2\" content=\"Tiempo de lectura\" \/>\n\t<meta name=\"twitter:data2\" content=\"7 minutos\" \/>\n<script type=\"application\/ld+json\" class=\"yoast-schema-graph\">{\"@context\":\"https:\\\/\\\/schema.org\",\"@graph\":[{\"@type\":\"Article\",\"@id\":\"https:\\\/\\\/www.jorgejuanjoyeros.es\\\/blog\\\/perlas-tahiti\\\/#article\",\"isPartOf\":{\"@id\":\"https:\\\/\\\/www.jorgejuanjoyeros.es\\\/blog\\\/perlas-tahiti\\\/\"},\"author\":{\"name\":\"Ana Karina\",\"@id\":\"https:\\\/\\\/www.jorgejuanjoyeros.es\\\/blog\\\/#\\\/schema\\\/person\\\/d3a801013f7f7852c59b9c7ab5c204d5\"},\"headline\":\"Perlas de Tahit\u00ed: Gu\u00eda sobre las Perlas Negras m\u00e1s Exclusivas\",\"datePublished\":\"2025-09-29T11:47:55+00:00\",\"mainEntityOfPage\":{\"@id\":\"https:\\\/\\\/www.jorgejuanjoyeros.es\\\/blog\\\/perlas-tahiti\\\/\"},\"wordCount\":1443,\"publisher\":{\"@id\":\"https:\\\/\\\/www.jorgejuanjoyeros.es\\\/blog\\\/#organization\"},\"image\":{\"@id\":\"https:\\\/\\\/www.jorgejuanjoyeros.es\\\/blog\\\/perlas-tahiti\\\/#primaryimage\"},\"thumbnailUrl\":\"https:\\\/\\\/www.jorgejuanjoyeros.es\\\/blog\\\/wp-content\\\/uploads\\\/2025\\\/09\\\/colgante-perlas-tahiti.jpg\",\"articleSection\":[\"General\"],\"inLanguage\":\"es\"},{\"@type\":\"WebPage\",\"@id\":\"https:\\\/\\\/www.jorgejuanjoyeros.es\\\/blog\\\/perlas-tahiti\\\/\",\"url\":\"https:\\\/\\\/www.jorgejuanjoyeros.es\\\/blog\\\/perlas-tahiti\\\/\",\"name\":\"Perlas de Tahit\u00ed: Gu\u00eda sobre las Perlas Negras m\u00e1s Exclusivas | Jorge Juan Joyeros\",\"isPartOf\":{\"@id\":\"https:\\\/\\\/www.jorgejuanjoyeros.es\\\/blog\\\/#website\"},\"primaryImageOfPage\":{\"@id\":\"https:\\\/\\\/www.jorgejuanjoyeros.es\\\/blog\\\/perlas-tahiti\\\/#primaryimage\"},\"image\":{\"@id\":\"https:\\\/\\\/www.jorgejuanjoyeros.es\\\/blog\\\/perlas-tahiti\\\/#primaryimage\"},\"thumbnailUrl\":\"https:\\\/\\\/www.jorgejuanjoyeros.es\\\/blog\\\/wp-content\\\/uploads\\\/2025\\\/09\\\/colgante-perlas-tahiti.jpg\",\"datePublished\":\"2025-09-29T11:47:55+00:00\",\"breadcrumb\":{\"@id\":\"https:\\\/\\\/www.jorgejuanjoyeros.es\\\/blog\\\/perlas-tahiti\\\/#breadcrumb\"},\"inLanguage\":\"es\",\"potentialAction\":[{\"@type\":\"ReadAction\",\"target\":[\"https:\\\/\\\/www.jorgejuanjoyeros.es\\\/blog\\\/perlas-tahiti\\\/\"]}]},{\"@type\":\"ImageObject\",\"inLanguage\":\"es\",\"@id\":\"https:\\\/\\\/www.jorgejuanjoyeros.es\\\/blog\\\/perlas-tahiti\\\/#primaryimage\",\"url\":\"https:\\\/\\\/www.jorgejuanjoyeros.es\\\/blog\\\/wp-content\\\/uploads\\\/2025\\\/09\\\/colgante-perlas-tahiti.jpg\",\"contentUrl\":\"https:\\\/\\\/www.jorgejuanjoyeros.es\\\/blog\\\/wp-content\\\/uploads\\\/2025\\\/09\\\/colgante-perlas-tahiti.jpg\",\"width\":1200,\"height\":500},{\"@type\":\"BreadcrumbList\",\"@id\":\"https:\\\/\\\/www.jorgejuanjoyeros.es\\\/blog\\\/perlas-tahiti\\\/#breadcrumb\",\"itemListElement\":[{\"@type\":\"ListItem\",\"position\":1,\"name\":\"BLOG DE LA NOVIA\",\"item\":\"https:\\\/\\\/www.jorgejuanjoyeros.es\\\/blog\\\/\"},{\"@type\":\"ListItem\",\"position\":2,\"name\":\"Perlas de Tahit\u00ed: Gu\u00eda sobre las Perlas Negras m\u00e1s Exclusivas\"}]},{\"@type\":\"WebSite\",\"@id\":\"https:\\\/\\\/www.jorgejuanjoyeros.es\\\/blog\\\/#website\",\"url\":\"https:\\\/\\\/www.jorgejuanjoyeros.es\\\/blog\\\/\",\"name\":\"Jorge Juan Joyeros\",\"description\":\"Blog sobre joyer\u00eda escrito por Jorge Juan Joyeros.\",\"publisher\":{\"@id\":\"https:\\\/\\\/www.jorgejuanjoyeros.es\\\/blog\\\/#organization\"},\"potentialAction\":[{\"@type\":\"SearchAction\",\"target\":{\"@type\":\"EntryPoint\",\"urlTemplate\":\"https:\\\/\\\/www.jorgejuanjoyeros.es\\\/blog\\\/?s={search_term_string}\"},\"query-input\":{\"@type\":\"PropertyValueSpecification\",\"valueRequired\":true,\"valueName\":\"search_term_string\"}}],\"inLanguage\":\"es\"},{\"@type\":\"Organization\",\"@id\":\"https:\\\/\\\/www.jorgejuanjoyeros.es\\\/blog\\\/#organization\",\"name\":\"Jorge Juan Joyeros\",\"url\":\"https:\\\/\\\/www.jorgejuanjoyeros.es\\\/blog\\\/\",\"logo\":{\"@type\":\"ImageObject\",\"inLanguage\":\"es\",\"@id\":\"https:\\\/\\\/www.jorgejuanjoyeros.es\\\/blog\\\/#\\\/schema\\\/logo\\\/image\\\/\",\"url\":\"https:\\\/\\\/www.jorgejuanjoyeros.es\\\/blog\\\/wp-content\\\/uploads\\\/2019\\\/11\\\/cropped-cropped-jorge-juan-joyeros-blog.jpg\",\"contentUrl\":\"https:\\\/\\\/www.jorgejuanjoyeros.es\\\/blog\\\/wp-content\\\/uploads\\\/2019\\\/11\\\/cropped-cropped-jorge-juan-joyeros-blog.jpg\",\"width\":\"512\",\"height\":\"170\",\"caption\":\"Jorge Juan Joyeros\"},\"image\":{\"@id\":\"https:\\\/\\\/www.jorgejuanjoyeros.es\\\/blog\\\/#\\\/schema\\\/logo\\\/image\\\/\"},\"sameAs\":[\"https:\\\/\\\/es-es.facebook.com\\\/jorgejuanjoyero\",\"https:\\\/\\\/x.com\\\/joyerojorgejuan\",\"https:\\\/\\\/www.instagram.com\\\/jorgejuanjoyeros\\\/\",\"https:\\\/\\\/es.linkedin.com\\\/in\\\/kawai1\",\"https:\\\/\\\/es.pinterest.com\\\/joyeriasmadrid\\\/\",\"https:\\\/\\\/www.youtube.com\\\/channel\\\/UCURsYfgBAcJm6VsmlLbfj8A\"]},{\"@type\":\"Person\",\"@id\":\"https:\\\/\\\/www.jorgejuanjoyeros.es\\\/blog\\\/#\\\/schema\\\/person\\\/d3a801013f7f7852c59b9c7ab5c204d5\",\"name\":\"Ana Karina\",\"image\":{\"@type\":\"ImageObject\",\"inLanguage\":\"es\",\"@id\":\"https:\\\/\\\/secure.gravatar.com\\\/avatar\\\/3ab9b9ba7afcb1c17e2e37b318634fc9b36204413c15e9d066dcad724d202637?s=96&d=mm&r=g\",\"url\":\"https:\\\/\\\/secure.gravatar.com\\\/avatar\\\/3ab9b9ba7afcb1c17e2e37b318634fc9b36204413c15e9d066dcad724d202637?s=96&d=mm&r=g\",\"contentUrl\":\"https:\\\/\\\/secure.gravatar.com\\\/avatar\\\/3ab9b9ba7afcb1c17e2e37b318634fc9b36204413c15e9d066dcad724d202637?s=96&d=mm&r=g\",\"caption\":\"Ana Karina\"},\"description\":\"Gem\u00f3loga Titulada por el Instituto Gemol\u00f3gico Espa\u00f1ol y especializada en diamantes. Dise\u00f1adora de joyas y administradora de J.K. Diamonds Suppliers.\",\"sameAs\":[\"https:\\\/\\\/es-es.facebook.com\\\/jorgejuanjoyero\\\/\",\"https:\\\/\\\/www.instagram.com\\\/jorgejuanjoyeros\\\/?hl=es\"]}]}<\/script>\n<!-- \/ Yoast SEO plugin. -->","yoast_head_json":{"title":"Perlas de Tahit\u00ed: Gu\u00eda sobre las Perlas Negras m\u00e1s Exclusivas | Jorge Juan Joyeros","robots":{"index":"index","follow":"follow","max-snippet":"max-snippet:-1","max-image-preview":"max-image-preview:large","max-video-preview":"max-video-preview:-1"},"canonical":"https:\/\/www.jorgejuanjoyeros.es\/blog\/perlas-tahiti\/","og_locale":"es_ES","og_type":"article","og_title":"Perlas de Tahit\u00ed: Gu\u00eda sobre las Perlas Negras m\u00e1s Exclusivas | Jorge Juan Joyeros","og_description":"\u00bfQu\u00e9 son las Perlas de Tahit\u00ed? Las perlas de Tahit\u00ed son las \u00fanicas perlas naturalmente negras del mundo. Se cultivan en las aguas c\u00e1lidas de la Polinesia Francesa, espec\u00edficamente en las lagunas de Tahit\u00ed y sus islas circundantes. Su color \u00fanico las convierte en las gemas m\u00e1s misteriosas del oc\u00e9ano. Conocidas como la \u00abReina de [&hellip;]","og_url":"https:\/\/www.jorgejuanjoyeros.es\/blog\/perlas-tahiti\/","og_site_name":"Jorge Juan Joyeros","article_publisher":"https:\/\/es-es.facebook.com\/jorgejuanjoyero","article_author":"https:\/\/es-es.facebook.com\/jorgejuanjoyero\/","article_published_time":"2025-09-29T11:47:55+00:00","og_image":[{"width":1200,"height":500,"url":"https:\/\/www.jorgejuanjoyeros.es\/blog\/wp-content\/uploads\/2025\/09\/colgante-perlas-tahiti.jpg","type":"image\/jpeg"}],"author":"Ana Karina","twitter_card":"summary_large_image","twitter_creator":"@joyerojorgejuan","twitter_site":"@joyerojorgejuan","twitter_misc":{"Escrito por":"Ana Karina","Tiempo de lectura":"7 minutos"},"schema":{"@context":"https:\/\/schema.org","@graph":[{"@type":"Article","@id":"https:\/\/www.jorgejuanjoyeros.es\/blog\/perlas-tahiti\/#article","isPartOf":{"@id":"https:\/\/www.jorgejuanjoyeros.es\/blog\/perlas-tahiti\/"},"author":{"name":"Ana Karina","@id":"https:\/\/www.jorgejuanjoyeros.es\/blog\/#\/schema\/person\/d3a801013f7f7852c59b9c7ab5c204d5"},"headline":"Perlas de Tahit\u00ed: Gu\u00eda sobre las Perlas Negras m\u00e1s Exclusivas","datePublished":"2025-09-29T11:47:55+00:00","mainEntityOfPage":{"@id":"https:\/\/www.jorgejuanjoyeros.es\/blog\/perlas-tahiti\/"},"wordCount":1443,"publisher":{"@id":"https:\/\/www.jorgejuanjoyeros.es\/blog\/#organization"},"image":{"@id":"https:\/\/www.jorgejuanjoyeros.es\/blog\/perlas-tahiti\/#primaryimage"},"thumbnailUrl":"https:\/\/www.jorgejuanjoyeros.es\/blog\/wp-content\/uploads\/2025\/09\/colgante-perlas-tahiti.jpg","articleSection":["General"],"inLanguage":"es"},{"@type":"WebPage","@id":"https:\/\/www.jorgejuanjoyeros.es\/blog\/perlas-tahiti\/","url":"https:\/\/www.jorgejuanjoyeros.es\/blog\/perlas-tahiti\/","name":"Perlas de Tahit\u00ed: Gu\u00eda sobre las Perlas Negras m\u00e1s Exclusivas | Jorge Juan Joyeros","isPartOf":{"@id":"https:\/\/www.jorgejuanjoyeros.es\/blog\/#website"},"primaryImageOfPage":{"@id":"https:\/\/www.jorgejuanjoyeros.es\/blog\/perlas-tahiti\/#primaryimage"},"image":{"@id":"https:\/\/www.jorgejuanjoyeros.es\/blog\/perlas-tahiti\/#primaryimage"},"thumbnailUrl":"https:\/\/www.jorgejuanjoyeros.es\/blog\/wp-content\/uploads\/2025\/09\/colgante-perlas-tahiti.jpg","datePublished":"2025-09-29T11:47:55+00:00","breadcrumb":{"@id":"https:\/\/www.jorgejuanjoyeros.es\/blog\/perlas-tahiti\/#breadcrumb"},"inLanguage":"es","potentialAction":[{"@type":"ReadAction","target":["https:\/\/www.jorgejuanjoyeros.es\/blog\/perlas-tahiti\/"]}]},{"@type":"ImageObject","inLanguage":"es","@id":"https:\/\/www.jorgejuanjoyeros.es\/blog\/perlas-tahiti\/#primaryimage","url":"https:\/\/www.jorgejuanjoyeros.es\/blog\/wp-content\/uploads\/2025\/09\/colgante-perlas-tahiti.jpg","contentUrl":"https:\/\/www.jorgejuanjoyeros.es\/blog\/wp-content\/uploads\/2025\/09\/colgante-perlas-tahiti.jpg","width":1200,"height":500},{"@type":"BreadcrumbList","@id":"https:\/\/www.jorgejuanjoyeros.es\/blog\/perlas-tahiti\/#breadcrumb","itemListElement":[{"@type":"ListItem","position":1,"name":"BLOG DE LA NOVIA","item":"https:\/\/www.jorgejuanjoyeros.es\/blog\/"},{"@type":"ListItem","position":2,"name":"Perlas de Tahit\u00ed: Gu\u00eda sobre las Perlas Negras m\u00e1s Exclusivas"}]},{"@type":"WebSite","@id":"https:\/\/www.jorgejuanjoyeros.es\/blog\/#website","url":"https:\/\/www.jorgejuanjoyeros.es\/blog\/","name":"Jorge Juan Joyeros","description":"Blog sobre joyer\u00eda escrito por Jorge Juan Joyeros.","publisher":{"@id":"https:\/\/www.jorgejuanjoyeros.es\/blog\/#organization"},"potentialAction":[{"@type":"SearchAction","target":{"@type":"EntryPoint","urlTemplate":"https:\/\/www.jorgejuanjoyeros.es\/blog\/?s={search_term_string}"},"query-input":{"@type":"PropertyValueSpecification","valueRequired":true,"valueName":"search_term_string"}}],"inLanguage":"es"},{"@type":"Organization","@id":"https:\/\/www.jorgejuanjoyeros.es\/blog\/#organization","name":"Jorge Juan Joyeros","url":"https:\/\/www.jorgejuanjoyeros.es\/blog\/","logo":{"@type":"ImageObject","inLanguage":"es","@id":"https:\/\/www.jorgejuanjoyeros.es\/blog\/#\/schema\/logo\/image\/","url":"https:\/\/www.jorgejuanjoyeros.es\/blog\/wp-content\/uploads\/2019\/11\/cropped-cropped-jorge-juan-joyeros-blog.jpg","contentUrl":"https:\/\/www.jorgejuanjoyeros.es\/blog\/wp-content\/uploads\/2019\/11\/cropped-cropped-jorge-juan-joyeros-blog.jpg","width":"512","height":"170","caption":"Jorge Juan Joyeros"},"image":{"@id":"https:\/\/www.jorgejuanjoyeros.es\/blog\/#\/schema\/logo\/image\/"},"sameAs":["https:\/\/es-es.facebook.com\/jorgejuanjoyero","https:\/\/x.com\/joyerojorgejuan","https:\/\/www.instagram.com\/jorgejuanjoyeros\/","https:\/\/es.linkedin.com\/in\/kawai1","https:\/\/es.pinterest.com\/joyeriasmadrid\/","https:\/\/www.youtube.com\/channel\/UCURsYfgBAcJm6VsmlLbfj8A"]},{"@type":"Person","@id":"https:\/\/www.jorgejuanjoyeros.es\/blog\/#\/schema\/person\/d3a801013f7f7852c59b9c7ab5c204d5","name":"Ana Karina","image":{"@type":"ImageObject","inLanguage":"es","@id":"https:\/\/secure.gravatar.com\/avatar\/3ab9b9ba7afcb1c17e2e37b318634fc9b36204413c15e9d066dcad724d202637?s=96&d=mm&r=g","url":"https:\/\/secure.gravatar.com\/avatar\/3ab9b9ba7afcb1c17e2e37b318634fc9b36204413c15e9d066dcad724d202637?s=96&d=mm&r=g","contentUrl":"https:\/\/secure.gravatar.com\/avatar\/3ab9b9ba7afcb1c17e2e37b318634fc9b36204413c15e9d066dcad724d202637?s=96&d=mm&r=g","caption":"Ana Karina"},"description":"Gem\u00f3loga Titulada por el Instituto Gemol\u00f3gico Espa\u00f1ol y especializada en diamantes. Dise\u00f1adora de joyas y administradora de J.K. Diamonds Suppliers.","sameAs":["https:\/\/es-es.facebook.com\/jorgejuanjoyero\/","https:\/\/www.instagram.com\/jorgejuanjoyeros\/?hl=es"]}]}},"_links":{"self":[{"href":"https:\/\/www.jorgejuanjoyeros.es\/blog\/wp-json\/wp\/v2\/posts\/6875","targetHints":{"allow":["GET"]}}],"collection":[{"href":"https:\/\/www.jorgejuanjoyeros.es\/blog\/wp-json\/wp\/v2\/posts"}],"about":[{"href":"https:\/\/www.jorgejuanjoyeros.es\/blog\/wp-json\/wp\/v2\/types\/post"}],"author":[{"embeddable":true,"href":"https:\/\/www.jorgejuanjoyeros.es\/blog\/wp-json\/wp\/v2\/users\/1"}],"replies":[{"embeddable":true,"href":"https:\/\/www.jorgejuanjoyeros.es\/blog\/wp-json\/wp\/v2\/comments?post=6875"}],"version-history":[{"count":1,"href":"https:\/\/www.jorgejuanjoyeros.es\/blog\/wp-json\/wp\/v2\/posts\/6875\/revisions"}],"predecessor-version":[{"id":6880,"href":"https:\/\/www.jorgejuanjoyeros.es\/blog\/wp-json\/wp\/v2\/posts\/6875\/revisions\/6880"}],"wp:featuredmedia":[{"embeddable":true,"href":"https:\/\/www.jorgejuanjoyeros.es\/blog\/wp-json\/wp\/v2\/media\/6876"}],"wp:attachment":[{"href":"https:\/\/www.jorgejuanjoyeros.es\/blog\/wp-json\/wp\/v2\/media?parent=6875"}],"wp:term":[{"taxonomy":"category","embeddable":true,"href":"https:\/\/www.jorgejuanjoyeros.es\/blog\/wp-json\/wp\/v2\/categories?post=6875"},{"taxonomy":"post_tag","embeddable":true,"href":"https:\/\/www.jorgejuanjoyeros.es\/blog\/wp-json\/wp\/v2\/tags?post=6875"}],"curies":[{"name":"wp","href":"https:\/\/api.w.org\/{rel}","templated":true}]}}